[{"@context":"https:\/\/schema.org\/","@type":"Article","@id":"https:\/\/www.nucleus.cz\/tradice-ktera-je-a-bude-stale-krasna\/#Article","mainEntityOfPage":"https:\/\/www.nucleus.cz\/tradice-ktera-je-a-bude-stale-krasna\/","headline":"Tradice, kter\u00e1 je a bude st\u00e1le kr\u00e1sn\u00e1","name":"Tradice, kter\u00e1 je a bude st\u00e1le kr\u00e1sn\u00e1","description":"Nem\u00e1te r\u00e1di rychlokva\u0161ky, nem\u00e1te r\u00e1di v\u011bci s jepi\u010d\u00edm \u017eivotem? M\u00e1te r\u00e1di, kdy\u017e jste obklopeni kr\u00e1sn\u00fdmi v\u011bcmi, kter\u00e9 jsou kvalitn\u00ed a nad\u010dasov\u00e9? M\u00e1te r\u00e1di takov\u00e9 oble\u010den\u00ed,&hellip; ","datePublished":"2025-08-28","dateModified":"2025-08-28","author":{"@type":"Person","@id":"https:\/\/www.nucleus.cz\/author\/#Person","name":"","url":"https:\/\/www.nucleus.cz\/author\/","identifier":1,"image":{"@type":"ImageObject","@id":"https:\/\/secure.gravatar.com\/avatar\/2b882a21216b34ba28e79730eea9356b725e9a0bf9885ae3bedd792ae606fb10?s=96&d=mm&r=g","url":"https:\/\/secure.gravatar.com\/avatar\/2b882a21216b34ba28e79730eea9356b725e9a0bf9885ae3bedd792ae606fb10?s=96&d=mm&r=g","height":96,"width":96}},"publisher":{"@type":"Organization","name":"nucleus.cz","logo":{"@type":"ImageObject","@id":"\/logo.png","url":"\/logo.png","width":600,"height":60}},"url":"https:\/\/www.nucleus.cz\/tradice-ktera-je-a-bude-stale-krasna\/","wordCount":246,"articleBody":"Nem\u00e1te r\u00e1di rychlokva\u0161ky, nem\u00e1te r\u00e1di v\u011bci s jepi\u010d\u00edm \u017eivotem? M\u00e1te r\u00e1di, kdy\u017e jste obklopeni kr\u00e1sn\u00fdmi v\u011bcmi, kter\u00e9 jsou kvalitn\u00ed a nad\u010dasov\u00e9? M\u00e1te r\u00e1di takov\u00e9 oble\u010den\u00ed, s kter\u00fdm ud\u011bl\u00e1te par\u00e1du i za p\u00e1r let a p\u0159itom ji\u017e dnes ho ostatn\u00ed obdivuj\u00ed? A jak je to s vybaven\u00edm bytu? Tak\u00e9 se sna\u017e\u00edte za\u0159\u00eddit ho v tomto stylu? Nechcete ka\u017ed\u00fd rok kupovat nov\u00e9 v\u011bci, proto\u017ee se ji\u017e nehod\u00ed, m\u00e1te r\u00e1di takov\u00e9 vybaven\u00ed, kter\u00e9 u\u017e\u00edvaly ji\u017e na\u0161e babi\u010dky a kter\u00e9 je st\u00e1le kr\u00e1sn\u00e9. Je je\u0161t\u011b n\u011bco, co V\u00e1m doma chyb\u00ed? M\u00e1te ji\u017e ve sv\u00e9m byt\u011b \u010di dom\u011b origin\u00e1ln\u00ed a p\u0159itom modern\u00ed koberce? Z Persie rovnou do Prahy Vyberte si i koberec takov\u00fd, kter\u00fd bude odpov\u00eddat Va\u0161emu \u017eivotn\u00edmu p\u0159\u00edstupu. Vyberte si takov\u00fd, kter\u00fd dnes bude mimo\u0159\u00e1dnou ozdobou Va\u0161eho domova, bude j\u00ed v\u0161ak i za deset \u010di t\u0159icet let. Pr\u00e1v\u011b takov\u00e9 origin\u00e1ly pro V\u00e1s firma Buchara nech\u00e1v\u00e1 ru\u010dn\u011b utkat v oblasti b\u00fdval\u00e9 Persie, tedy v lokalit\u011b, kde je tato v\u00fdroba po stalet\u00ed tradic\u00ed, toto um\u011bn\u00ed se p\u0159ed\u00e1v\u00e1 z generace na generaci. A p\u0159\u00edmo do Prahy pro V\u00e1s dov\u00e1\u017e\u00ed a za mimo\u0159\u00e1dn\u00e9 ceny nab\u00edz\u00ed jedine\u010dn\u00e9 origin\u00e1ln\u00ed kousky.                                                                                                                                                                                                                                                                                                                                                                                                "},{"@context":"https:\/\/schema.org\/","@type":"BreadcrumbList","itemListElement":[{"@type":"ListItem","position":1,"name":"Tradice, kter\u00e1 je a bude st\u00e1le kr\u00e1sn\u00e1","item":"https:\/\/www.nucleus.cz\/tradice-ktera-je-a-bude-stale-krasna\/#breadcrumbitem"}]}]