[{"@context":"https:\/\/schema.org\/","@type":"Article","@id":"https:\/\/www.nucleus.cz\/sal-na-konference-a-skoleni\/#Article","mainEntityOfPage":"https:\/\/www.nucleus.cz\/sal-na-konference-a-skoleni\/","headline":"S\u00e1l na konference a \u0161kolen\u00ed","name":"S\u00e1l na konference a \u0161kolen\u00ed","description":"V\u011bnujete se p\u011b\u0161\u00ed turistice? U n\u00e1s m\u00e1te skv\u011blou p\u0159\u00edle\u017eitost. T\u00fary po okoln\u00edch h\u0159ebenech nebo alespo\u0148 proch\u00e1zky po okol\u00ed. Ve\u010der pak m\u016f\u017eete posed\u011bt t\u0159eba v na\u0161\u00ed&hellip; ","datePublished":"2025-04-25","dateModified":"2025-04-25","author":{"@type":"Person","@id":"https:\/\/www.nucleus.cz\/author\/#Person","name":"","url":"https:\/\/www.nucleus.cz\/author\/","identifier":1,"image":{"@type":"ImageObject","@id":"https:\/\/secure.gravatar.com\/avatar\/2b882a21216b34ba28e79730eea9356b725e9a0bf9885ae3bedd792ae606fb10?s=96&d=mm&r=g","url":"https:\/\/secure.gravatar.com\/avatar\/2b882a21216b34ba28e79730eea9356b725e9a0bf9885ae3bedd792ae606fb10?s=96&d=mm&r=g","height":96,"width":96}},"publisher":{"@type":"Organization","name":"nucleus.cz","logo":{"@type":"ImageObject","@id":"\/logo.png","url":"\/logo.png","width":600,"height":60}},"url":"https:\/\/www.nucleus.cz\/sal-na-konference-a-skoleni\/","wordCount":199,"articleBody":"V\u011bnujete se p\u011b\u0161\u00ed turistice? U n\u00e1s m\u00e1te skv\u011blou p\u0159\u00edle\u017eitost. T\u00fary po okoln\u00edch h\u0159ebenech nebo alespo\u0148 proch\u00e1zky po okol\u00ed. Ve\u010der pak m\u016f\u017eete posed\u011bt t\u0159eba v na\u0161\u00ed vin\u00e1rn\u011b nebo si zaj\u00edt do wellness centra. V\u011b\u0159\u00edme, \u017ee u n\u00e1s se nudit nebudete. Tak nev\u00e1hejte a obra\u0165te se na n\u00e1s. M\u00e1me mil\u00fd a vst\u0159\u00edcn\u00fd person\u00e1l. Ubytov\u00e1n\u00ed Prad\u011bd = dovolen\u00e1 pro v\u00e1s. L\u00e1kaj\u00ed v\u00e1s hory? To jsme r\u00e1di. U n\u00e1s je ur\u010dit\u011b budete m\u00edt. Okoln\u00ed p\u0159\u00edroda v\u00e1s ur\u010dit\u011b bude inspirovat k proch\u00e1zk\u00e1m alespo\u0148 po okol\u00ed. Z vrchol\u016f okoln\u00edch kopc\u016f je n\u00e1dhern\u00fd v\u00fdhled do krajiny, kter\u00e9 pak v\u00e9vod\u00ed nejvy\u0161\u0161\u00ed hora Jesen\u00edk\u016f a z\u00e1rove\u0148 cel\u00e9 Moravy, Prad\u011bd. N\u00e1\u0161 horsk\u00fd hotel m\u00e1 kapacitu 142 l\u016f\u017eek a 6 p\u0159ist\u00fdlek. Je vhodn\u00fd pro rodinnou rekreaci i \u0161kolu v p\u0159\u00edrod\u011b. Ubytov\u00e1n\u00ed Prad\u011bd &#8211; na v\u00e1s \u010dek\u00e1. \u0160kola v p\u0159\u00edrod\u011b N\u00e1\u0161 hotel je vhodn\u00fd i \u0161kolu v p\u0159\u00edrod\u011b. Ubytov\u00e1n\u00ed Prad\u011bd &#8211; vhodn\u00fd i pro \u0161kolu v p\u0159\u00edrod\u011b. ml&gt;.                                                                                                                                                                                                                                                                                                                                                                                                "},{"@context":"https:\/\/schema.org\/","@type":"BreadcrumbList","itemListElement":[{"@type":"ListItem","position":1,"name":"S\u00e1l na konference a \u0161kolen\u00ed","item":"https:\/\/www.nucleus.cz\/sal-na-konference-a-skoleni\/#breadcrumbitem"}]}]