[{"@context":"https:\/\/schema.org\/","@type":"Article","@id":"https:\/\/www.nucleus.cz\/prakticke-a-kvalitni-sklady\/#Article","mainEntityOfPage":"https:\/\/www.nucleus.cz\/prakticke-a-kvalitni-sklady\/","headline":"Praktick\u00e9 a kvalitn\u00ed sklady","name":"Praktick\u00e9 a kvalitn\u00ed sklady","description":"Cel\u00fd sv\u016fj \u017eivot jsem pracovala ve velk\u00e9m skladu. A byl to velkosklad, kde se shroma\u017e\u010fovali r\u016fzn\u00e9 sou\u010d\u00e1stky, kter\u00e9 se potom p\u0159ev\u00e1\u017eely d\u00e1l do jin\u00fdch st\u00e1t\u016f&hellip; ","datePublished":"2022-10-28","dateModified":"2023-07-21","author":{"@type":"Person","@id":"https:\/\/www.nucleus.cz\/author\/#Person","name":"","url":"https:\/\/www.nucleus.cz\/author\/","identifier":1,"image":{"@type":"ImageObject","@id":"https:\/\/secure.gravatar.com\/avatar\/2b882a21216b34ba28e79730eea9356b725e9a0bf9885ae3bedd792ae606fb10?s=96&d=mm&r=g","url":"https:\/\/secure.gravatar.com\/avatar\/2b882a21216b34ba28e79730eea9356b725e9a0bf9885ae3bedd792ae606fb10?s=96&d=mm&r=g","height":96,"width":96}},"publisher":{"@type":"Organization","name":"nucleus.cz","logo":{"@type":"ImageObject","@id":"\/logo.png","url":"\/logo.png","width":600,"height":60}},"image":{"@type":"ImageObject","@id":"https:\/\/www.nucleus.cz\/wp-content\/uploads\/depot-1406937_960_720.jpg","url":"https:\/\/www.nucleus.cz\/wp-content\/uploads\/depot-1406937_960_720.jpg","height":0,"width":0},"url":"https:\/\/www.nucleus.cz\/prakticke-a-kvalitni-sklady\/","about":["Podnik\u00e1n\u00ed"],"wordCount":383,"articleBody":"       Cel\u00fd sv\u016fj \u017eivot jsem pracovala ve velk\u00e9m skladu. A byl to velkosklad, kde se shroma\u017e\u010fovali r\u016fzn\u00e9 sou\u010d\u00e1stky, kter\u00e9 se potom p\u0159ev\u00e1\u017eely d\u00e1l do jin\u00fdch st\u00e1t\u016f a do jin\u00fdch m\u011bst. V\u0161echny tyto sou\u010d\u00e1stky byly ve skladov\u00fdch kontejnerech. Skladov\u00fd kontejner je opravdu v\u00fdhodn\u00fd v tom, \u017ee je prostorn\u00fd, \u017ee si m\u016f\u017eete tak\u00e9 vybrat jakoukoliv velikost a jak\u00fdkoliv typ a tvar skladov\u00e9ho kontejner\u016f. A proto\u017ee my jsme m\u011bli velmi takov\u00e9 pevn\u00e9 sou\u010d\u00e1stky, tak\u017ee jsme si vybrali jako na\u0161e firma \u017eelezn\u00fd skladov\u00fd kontejner. Mn\u011b se tohle l\u00edb\u00ed. Tyto skladov\u00e9 kontejnery jsou vhodn\u00e9 tak\u00e9 na p\u0159evoz r\u016fzn\u00e9ho materi\u00e1lu \u010di zbo\u017e\u00ed. M\u016f\u017eete to potom taky p\u0159ev\u00e1\u017eet nap\u0159\u00edklad lodn\u00ed dopravou anebo pozemn\u00edch komunikac\u00ed. J\u00e1 sama jsem d\u00e1vala v\u017edycky p\u0159ednost pozemn\u00ed komunikaci, proto\u017ee jsem se na lodi b\u00e1la. A sice jsem tam v\u016fbec nikdy nejezdila, ale stejn\u011b jsem m\u011bla v\u017edy velk\u00fd respekt z lod\u00ed. A co se t\u00fd\u010de je\u0161t\u011b skladov\u00fdch kontejner\u016f, tak se taky je m\u016f\u017eete nap\u0159\u00edklad pronajmout anebo p\u0159\u00edmo zakoupit. Mysl\u00edm si, \u017ee i mal\u00e9 firmy, nap\u0159\u00edklad potravin\u00e1\u0159stv\u00ed, si tak\u00e9 mohou dovolit skladov\u00fd kontejner.Proto\u017ee taky v kontejneru m\u016f\u017eete skladovat opravdu v\u0161echno, co se tam hod\u00ed. M\u016f\u017eete tam d\u00e1vat nap\u0159\u00edklad trvanliv\u00e9 potraviny anebo dal\u0161\u00ed podobn\u00e9 v\u011bci, kter\u00e9 se v\u00e1m t\u0159eba nevejdou do reg\u00e1lu, kam d\u00e1v\u00e1te norm\u00e1ln\u011b zbo\u017e\u00ed. Tak\u017ee podle m\u00e9ho n\u00e1zoru skladov\u00fd kontejner v\u00e1m u\u0161et\u0159\u00ed ne jenom spoustu pr\u00e1ce, ale taky hlavn\u011b spoustu m\u00edsta. M\u016f\u017eete taky zav\u00edtat na webov\u00e9 str\u00e1nky www.schoellerallibert.com, kde se dozv\u00edte mnoho u\u017eite\u010dn\u00fdch informac\u00ed, kter\u00e9 se tykaj\u00ed pr\u00e1v\u011b zm\u00edn\u011bn\u00fdch skladov\u00fdch kontejnerech Schoellerallibert.com, kter\u00e9 se v\u00e1m budou hodit. Jsou tam i dal\u0161\u00ed v\u011bci, kde byste mohli skladovat sv\u00e9 zbo\u017e\u00ed a dal\u0161\u00ed nutn\u00e9 v\u011bci. Nemus\u00edte se b\u00e1t, m\u016f\u017eete m\u00edt ot\u00e1zky, kter\u00e9 v\u00e1m zam\u011bstnanci moc r\u00e1di zodpov\u00ed. Sta\u010d\u00ed se jenom zeptat a vyhledat kontakt. Webov\u00e9 str\u00e1nky jsou hodn\u011b p\u0159ehledn\u00e9.                                                                                                                                                                                                                                                                                                                                                                                           4.2\/5 - (9 votes)        "},{"@context":"https:\/\/schema.org\/","@type":"BreadcrumbList","itemListElement":[{"@type":"ListItem","position":1,"name":"Praktick\u00e9 a kvalitn\u00ed sklady","item":"https:\/\/www.nucleus.cz\/prakticke-a-kvalitni-sklady\/#breadcrumbitem"}]}]