[{"@context":"https:\/\/schema.org\/","@type":"Article","@id":"https:\/\/www.nucleus.cz\/muzi-jako-vladci-kuchyne\/#Article","mainEntityOfPage":"https:\/\/www.nucleus.cz\/muzi-jako-vladci-kuchyne\/","headline":"Mu\u017ei jako vl\u00e1dci kuchyn\u011b","name":"Mu\u017ei jako vl\u00e1dci kuchyn\u011b","description":"Ob\u011bdy, ve\u010de\u0159e, p\u0159\u00edprava sn\u00eddan\u011b, sva\u010din pro celou rodinu, to je b\u011b\u017en\u00fd stereotyp ka\u017ed\u00e9 \u017eeny. Jen m\u00e1lokdy se setk\u00e1me s t\u00edm, \u017ee by se t\u011bmto \u010dinnostem&hellip; ","datePublished":"2019-06-05","dateModified":"2023-05-06","author":{"@type":"Person","@id":"https:\/\/www.nucleus.cz\/author\/#Person","name":"","url":"https:\/\/www.nucleus.cz\/author\/","identifier":1,"image":{"@type":"ImageObject","@id":"https:\/\/secure.gravatar.com\/avatar\/2b882a21216b34ba28e79730eea9356b725e9a0bf9885ae3bedd792ae606fb10?s=96&d=mm&r=g","url":"https:\/\/secure.gravatar.com\/avatar\/2b882a21216b34ba28e79730eea9356b725e9a0bf9885ae3bedd792ae606fb10?s=96&d=mm&r=g","height":96,"width":96}},"publisher":{"@type":"Organization","name":"nucleus.cz","logo":{"@type":"ImageObject","@id":"\/logo.png","url":"\/logo.png","width":600,"height":60}},"image":{"@type":"ImageObject","@id":"https:\/\/www.nucleus.cz\/wp-content\/uploads\/img_a347472_w2820_t1561881049.jpg","url":"https:\/\/www.nucleus.cz\/wp-content\/uploads\/img_a347472_w2820_t1561881049.jpg","height":0,"width":0},"url":"https:\/\/www.nucleus.cz\/muzi-jako-vladci-kuchyne\/","about":["Mu\u017ei"],"wordCount":465,"articleBody":"Ob\u011bdy, ve\u010de\u0159e, p\u0159\u00edprava sn\u00eddan\u011b, sva\u010din pro celou rodinu, to je b\u011b\u017en\u00fd stereotyp ka\u017ed\u00e9 \u017eeny. Jen m\u00e1lokdy se setk\u00e1me s t\u00edm, \u017ee by se t\u011bmto \u010dinnostem v\u011bnoval mu\u017e. Pokud tomu tak je, tak to nen\u00ed pravideln\u011b, sp\u00ed\u0161e ojedin\u011ble a jen za ur\u010dit\u00fdch situac\u00ed. A mo\u017en\u00e1 je to \u0161koda, \u017eeny by se mohly sem tam vzd\u00e1t sv\u00e9ho pomysln\u00e9ho kr\u00e1lovstv\u00ed, kter\u00fdm kuchy\u0148 bezesporu je, a \u017eezlo alespo\u0148 ob\u010das p\u0159edat sv\u00e9mu drah\u00e9mu prot\u011bj\u0161ku.&#13; &#13; A\u0165 se pod\u00edv\u00e1me kolem sebe, nejen do sv\u00fdch dom\u00e1cnost\u00ed, setk\u00e1v\u00e1me se ji\u017e od mala v jesl\u00edch, \u0161kolk\u00e1ch a \u0161kol\u00e1ch s t\u00edm, \u017ee za uva\u0159en\u00fdm j\u00eddlem stoj\u00ed p\u0159ev\u00e1\u017en\u011b \u017eeny. V restaurac\u00edch tomu b\u00fdv\u00e1 jinak, tam u\u017e je pod\u00edl mu\u017e\u016f \u2013 kucha\u0159\u016f, p\u0159eci jen v\u011bt\u0161\u00ed. &#13; &#13; Do \u010deho se r\u00e1di \u201epletou\u201c, je grilov\u00e1n\u00ed, mo\u017en\u00e1 je to t\u00edm, \u017ee je omezen\u00e9 ro\u010dn\u00edm obdob\u00edm, v\u011bt\u0161inou souvis\u00ed s n\u011bjakou oslavou \u010di setk\u00e1n\u00edm s rodinou \u010di p\u0159\u00e1teli a pro\u010d se pr\u00e1v\u011b p\u0159ed nimi trochu nebl\u00fdsknout. &#13; &#13; Mezi profesion\u00e1ly je tomu trochu jinak, tam je \u017een opravdu poskrovnu. Sta\u010d\u00ed se pod\u00edvat na n\u011bkter\u00fd z po\u0159ad\u016f o va\u0159en\u00ed, a je jedno, zda n\u00e1\u0161 nebo zahrani\u010d\u00ed, v\u00e9vod\u00ed jim jednozna\u010dn\u011b mu\u017ei. Pro\u010d jsou tedy p\u00e1nov\u00e9 v t\u00e9to oblasti jako profesion\u00e1lov\u00e9 nep\u0159ekonateln\u00ed a doma se va\u0159en\u00ed a p\u0159\u00edprav\u011b j\u00eddla v\u011bnuj\u00ed sporadicky?&#13; &#13; Mo\u017en\u00e1 je to t\u00edm, \u017ee doma je to povinnost a nutnost, co\u017e \u017eeny dob\u0159e znaj\u00ed, maj\u00ed to tak se v\u0161emi dom\u00e1c\u00edmi pracemi, ale v p\u0159\u00edpad\u011b, \u017ee se va\u0159en\u00ed stane jejich zam\u011bstn\u00e1n\u00edm, je to z\u00e1rove\u0148 i kon\u00ed\u010dek. A a\u010d se to tak na prvn\u00ed pohled nezd\u00e1, p\u0159\u00edprava j\u00eddla nen\u00ed \u017e\u00e1dn\u00e1 proch\u00e1zka r\u016f\u017eov\u00fdm sadem, je n\u00e1ro\u010dn\u00e1 nejen na fyzi\u010dku, ale i po du\u0161evn\u00ed str\u00e1nce je obt\u00ed\u017en\u00e1. Ono za t\u00edm tan\u010den\u00edm kolem spor\u00e1ku je dril a d\u0159ina, i kdy\u017e to na prvn\u00ed pohled vypad\u00e1 lehce a jednodu\u0161e. A je to hlavn\u011b o l\u00e1sce k tomuto povol\u00e1n\u00ed. Pokud n\u011bco mus\u00edte nebo v\u00e1s to bav\u00ed a napl\u0148uje, je ve v\u00fdsledku poznat na prvn\u00ed pohled. &#13; &#13; A tak se mil\u00ed p\u00e1nov\u00e9, zkuste n\u011bkdy vc\u00edtit do role profesion\u00e1ln\u00edho kucha\u0159e a p\u0159edv\u00e9st n\u011bjakou tu kucha\u0159skou \u0161ou doma v kuchyni, uvid\u00edte, jak v o\u010d\u00edch cel\u00e9 rodiny stoupnete. &#13;                                                                                                                                                                                                                                                                                                                                                                                         4.7\/5 - (9 votes)        "},{"@context":"https:\/\/schema.org\/","@type":"BreadcrumbList","itemListElement":[{"@type":"ListItem","position":1,"name":"Mu\u017ei jako vl\u00e1dci kuchyn\u011b","item":"https:\/\/www.nucleus.cz\/muzi-jako-vladci-kuchyne\/#breadcrumbitem"}]}]